{"id":7,"date":"2026-08-31T16:19:17","date_gmt":"2026-08-31T16:19:17","guid":{"rendered":"https:\/\/hafriyatankara.com\/?p=7"},"modified":"2026-08-31T16:19:17","modified_gmt":"2026-08-31T16:19:17","slug":"ankara-kepce-kiralama","status":"publish","type":"post","link":"https:\/\/hafriyatankara.com\/?p=7","title":{"rendered":"Ankara Kep\u00e7e Kiralama"},"content":{"rendered":"\n<p class=\"wp-block-paragraph\">Ankara kep\u00e7e kiralama hizmetleri; temel kaz\u0131s\u0131, hafriyat y\u00fckleme, arazi d\u00fczenleme, moloz ta\u015f\u0131ma, kanal a\u00e7ma, \u00e7evre d\u00fczenleme ve \u00e7e\u015fitli in\u015faat uygulamalar\u0131nda h\u0131zl\u0131 ve ekonomik \u00e7\u00f6z\u00fcmler sunar. Projenin kapsam\u0131na g\u00f6re saatlik, g\u00fcnl\u00fck veya daha uzun s\u00fcreli kiralama se\u00e7enekleriyle uygun i\u015f makinesi tercih edilebilir.<\/p>\n\n\n\n<p class=\"wp-block-paragraph\">Ankara genelinde ger\u00e7ekle\u015ftirilecek kaz\u0131, y\u00fckleme ve hafriyat i\u015flerinde do\u011fru kep\u00e7e se\u00e7imi hem \u00e7al\u0131\u015fma s\u00fcresini k\u0131salt\u0131r hem de gereksiz maliyetlerin \u00f6n\u00fcne ge\u00e7er. Yap\u0131lacak i\u015fin t\u00fcr\u00fc, zeminin yap\u0131s\u0131, \u00e7al\u0131\u015fma alan\u0131n\u0131n geni\u015fli\u011fi ve ta\u015f\u0131nacak malzeme miktar\u0131 kep\u00e7e se\u00e7iminde belirleyici olur.<\/p>\n\n\n\n<h2 class=\"wp-block-heading\"><strong>Ankara Kep\u00e7e Kiralama Hizmetleri<\/strong><\/h2>\n\n\n\n<p class=\"wp-block-paragraph\">Ankara kep\u00e7e kiralama hizmetleri farkl\u0131 \u00f6l\u00e7eklerdeki in\u015faat, altyap\u0131, hafriyat ve \u00e7evre d\u00fczenleme \u00e7al\u0131\u015fmalar\u0131na y\u00f6nelik olarak planlanabilir.<\/p>\n\n\n\n<p class=\"wp-block-paragraph\">Kep\u00e7eler ba\u015fta \u015fu uygulamalarda kullan\u0131labilir:<\/p>\n\n\n\n<ul class=\"wp-block-list\">\n<li>Temel kaz\u0131s\u0131<\/li>\n\n\n\n<li>Hafriyat y\u00fckleme<\/li>\n\n\n\n<li>Toprak ta\u015f\u0131ma ve d\u00fczenleme<\/li>\n\n\n\n<li>Kanal ve altyap\u0131 kaz\u0131s\u0131<\/li>\n\n\n\n<li>Moloz y\u00fckleme<\/li>\n\n\n\n<li>Bah\u00e7e ve arazi d\u00fczenleme<\/li>\n\n\n\n<li>Dolgu ve tesviye i\u015fleri<\/li>\n\n\n\n<li>Yol ve saha d\u00fczenleme<\/li>\n\n\n\n<li>\u0130n\u015faat alan\u0131 temizli\u011fi<\/li>\n\n\n\n<li>Bina \u00e7evresi kaz\u0131 \u00e7al\u0131\u015fmalar\u0131<\/li>\n<\/ul>\n\n\n\n<p class=\"wp-block-paragraph\">\u00c7al\u0131\u015fman\u0131n niteli\u011fine g\u00f6re farkl\u0131 tonaj ve kapasitedeki makineler tercih edilerek i\u015fin daha verimli tamamlanmas\u0131 sa\u011flanabilir.<\/p>\n\n\n\n<h2 class=\"wp-block-heading\"><strong>Kiral\u0131k Kep\u00e7e Ankara Hizmetlerinde Do\u011fru Makine Se\u00e7imi<\/strong><\/h2>\n\n\n\n<p class=\"wp-block-paragraph\">Kiral\u0131k kep\u00e7e Ankara hizmeti al\u0131rken yaln\u0131zca makinenin b\u00fcy\u00fckl\u00fc\u011f\u00fcne g\u00f6re se\u00e7im yapmak yeterli olmaz. \u00c7al\u0131\u015fma alan\u0131n\u0131n \u00f6l\u00e7\u00fcleri, giri\u015f geni\u015fli\u011fi, kaz\u0131 derinli\u011fi ve zemin \u00f6zellikleri dikkate al\u0131nmal\u0131d\u0131r.<\/p>\n\n\n\n<p class=\"wp-block-paragraph\">Dar alanlarda daha kompakt makineler avantaj sa\u011flarken geni\u015f in\u015faat ve hafriyat sahalar\u0131nda daha y\u00fcksek kapasiteli i\u015f makineleri tercih edilebilir.<\/p>\n\n\n\n<p class=\"wp-block-paragraph\">\u00d6zellikle temel kaz\u0131s\u0131 ve yo\u011fun hafriyat bulunan projelerde uygun kep\u00e7e se\u00e7imi \u00e7al\u0131\u015fma s\u00fcresini \u00f6nemli \u00f6l\u00e7\u00fcde etkiler.<\/p>\n\n\n\n<h2 class=\"wp-block-heading\"><strong>Saatlik Kep\u00e7e Kiralama<\/strong><\/h2>\n\n\n\n<p class=\"wp-block-paragraph\">K\u0131sa s\u00fcreli i\u015fler i\u00e7in saatlik kep\u00e7e kiralama ekonomik bir \u00e7\u00f6z\u00fcm olabilir. Birka\u00e7 saat i\u00e7erisinde tamamlanabilecek kaz\u0131, y\u00fckleme, moloz kald\u0131rma veya \u00e7evre d\u00fczenleme \u00e7al\u0131\u015fmalar\u0131nda makineyi g\u00fcnl\u00fck kiralamak yerine saatlik \u00e7al\u0131\u015fma tercih edilebilir.<\/p>\n\n\n\n<p class=\"wp-block-paragraph\">Saatlik kep\u00e7e kiralama s\u00fcresi belirlenirken makinenin \u00e7al\u0131\u015fma s\u00fcresinin yan\u0131nda nakliye, ula\u015f\u0131m ve saha ko\u015fullar\u0131 da de\u011ferlendirilir.<\/p>\n\n\n\n<p class=\"wp-block-paragraph\">Bu nedenle Ankara\u2019da 1 saatlik kep\u00e7e fiyatlar\u0131 sabit bir rakam \u00fczerinden belirlenmeyebilir.<\/p>\n\n\n\n<h2 class=\"wp-block-heading\"><strong>Ankara Kep\u00e7e Kiralama Fiyatlar\u0131<\/strong><\/h2>\n\n\n\n<p class=\"wp-block-paragraph\">Ankara kep\u00e7e kiralama fiyatlar\u0131 yap\u0131lacak i\u015fe g\u00f6re de\u011fi\u015fiklik g\u00f6sterir.<\/p>\n\n\n\n<p class=\"wp-block-paragraph\">Fiyat\u0131 etkileyen ba\u015fl\u0131ca unsurlar \u015funlard\u0131r:<\/p>\n\n\n\n<ul class=\"wp-block-list\">\n<li>Kullan\u0131lacak kep\u00e7enin tipi ve kapasitesi<\/li>\n\n\n\n<li>\u00c7al\u0131\u015fma s\u00fcresi<\/li>\n\n\n\n<li>\u0130\u015fin yap\u0131laca\u011f\u0131 konum<\/li>\n\n\n\n<li>Makinenin sahaya nakliye mesafesi<\/li>\n\n\n\n<li>Zemin yap\u0131s\u0131<\/li>\n\n\n\n<li>Kaz\u0131 veya hafriyat miktar\u0131<\/li>\n\n\n\n<li>Operat\u00f6r gereksinimi<\/li>\n\n\n\n<li>Kamyon veya ek i\u015f makinesi ihtiyac\u0131<\/li>\n\n\n\n<li>\u00c7al\u0131\u015fma alan\u0131n\u0131n eri\u015filebilirli\u011fi<\/li>\n<\/ul>\n\n\n\n<p class=\"wp-block-paragraph\">Bu nedenle kep\u00e7e kiralama fiyat\u0131 al\u0131n\u0131rken yap\u0131lacak i\u015f hakk\u0131nda m\u00fcmk\u00fcn oldu\u011funca ayr\u0131nt\u0131l\u0131 bilgi verilmesi daha do\u011fru fiyatland\u0131rma yap\u0131lmas\u0131n\u0131 sa\u011flar.<\/p>\n\n\n\n<h2 class=\"wp-block-heading\"><strong>G\u00fcnl\u00fck Kep\u00e7e Kiralama<\/strong><\/h2>\n\n\n\n<p class=\"wp-block-paragraph\">Bir tam g\u00fcn veya birka\u00e7 g\u00fcn s\u00fcrecek hafriyat \u00e7al\u0131\u015fmalar\u0131nda g\u00fcnl\u00fck kep\u00e7e kiralama tercih edilebilir.<\/p>\n\n\n\n<p class=\"wp-block-paragraph\">G\u00fcnl\u00fck kiralama \u00f6zellikle \u015fu i\u015fler i\u00e7in uygundur:<\/p>\n\n\n\n<ul class=\"wp-block-list\">\n<li>\u0130n\u015faat temel kaz\u0131lar\u0131<\/li>\n\n\n\n<li>B\u00fcy\u00fck miktarda hafriyat y\u00fckleme<\/li>\n\n\n\n<li>Arazi d\u00fczenleme<\/li>\n\n\n\n<li>Yol \u00e7al\u0131\u015fmalar\u0131<\/li>\n\n\n\n<li>Altyap\u0131 kaz\u0131lar\u0131<\/li>\n\n\n\n<li>B\u00fcy\u00fck \u00e7apl\u0131 moloz temizli\u011fi<\/li>\n<\/ul>\n\n\n\n<p class=\"wp-block-paragraph\">Uzun s\u00fcreli projelerde g\u00fcnl\u00fck veya ayl\u0131k kiralama se\u00e7enekleri saatlik \u00e7al\u0131\u015fmaya g\u00f6re daha avantajl\u0131 hale gelebilir.<\/p>\n\n\n\n<h2 class=\"wp-block-heading\"><strong>Hafriyat ve Kep\u00e7e Hizmetleri<\/strong><\/h2>\n\n\n\n<p class=\"wp-block-paragraph\">Kep\u00e7e kiralama hizmeti \u00e7o\u011fu zaman hafriyat \u00e7al\u0131\u015fmalar\u0131yla birlikte de\u011ferlendirilir. Kaz\u0131lan toprak veya in\u015faat at\u0131\u011f\u0131n\u0131n yaln\u0131zca y\u00fcklenmesi yeterli olmayabilir; malzemenin kamyonlarla sahadan uzakla\u015ft\u0131r\u0131lmas\u0131 da gerekebilir.<\/p>\n\n\n\n<p class=\"wp-block-paragraph\">Bu durumda kep\u00e7e ve hafriyat kamyonunun birlikte planlanmas\u0131 i\u015fin kesintisiz ilerlemesini sa\u011flar.<\/p>\n\n\n\n<p class=\"wp-block-paragraph\">Hafriyat \u00e7al\u0131\u015fmalar\u0131 kapsam\u0131nda:<\/p>\n\n\n\n<ul class=\"wp-block-list\">\n<li>Kaz\u0131<\/li>\n\n\n\n<li>Y\u00fckleme<\/li>\n\n\n\n<li>Ta\u015f\u0131ma<\/li>\n\n\n\n<li>Moloz kald\u0131rma<\/li>\n\n\n\n<li>Toprak tesviyesi<\/li>\n\n\n\n<li>Dolgu<\/li>\n\n\n\n<li>Saha temizli\u011fi<\/li>\n<\/ul>\n\n\n\n<p class=\"wp-block-paragraph\">gibi i\u015flemler birlikte y\u00fcr\u00fct\u00fclebilir.<\/p>\n\n\n\n<h2 class=\"wp-block-heading\"><strong>Kep\u00e7e ve Kamyon Birlikte Kiralama<\/strong><\/h2>\n\n\n\n<p class=\"wp-block-paragraph\">Hafriyat miktar\u0131n\u0131n y\u00fcksek oldu\u011fu projelerde kep\u00e7e ile kamyonun birlikte \u00e7al\u0131\u015fmas\u0131 \u00f6nemli avantaj sa\u011flar.<\/p>\n\n\n\n<p class=\"wp-block-paragraph\">Kep\u00e7e kaz\u0131lan malzemeyi do\u011frudan hafriyat kamyonuna y\u00fckler ve kamyon malzemeyi uygun d\u00f6k\u00fcm veya depolama alan\u0131na ta\u015f\u0131r.<\/p>\n\n\n\n<p class=\"wp-block-paragraph\">Bu sistem \u00f6zellikle bina y\u0131k\u0131m\u0131 sonras\u0131 moloz temizli\u011fi, temel kaz\u0131s\u0131 ve geni\u015f arazi d\u00fczenleme \u00e7al\u0131\u015fmalar\u0131nda \u00e7al\u0131\u015fma s\u00fcresini \u00f6nemli \u00f6l\u00e7\u00fcde azalt\u0131r.<\/p>\n\n\n\n<h2 class=\"wp-block-heading\"><strong>Ankara\u2019da Kep\u00e7e Hangi \u0130\u015flerde Kullan\u0131l\u0131r?<\/strong><\/h2>\n\n\n\n<p class=\"wp-block-paragraph\">Kep\u00e7e kullan\u0131m\u0131 yaln\u0131zca b\u00fcy\u00fck in\u015faat projeleriyle s\u0131n\u0131rl\u0131 de\u011fildir.<\/p>\n\n\n\n<p class=\"wp-block-paragraph\">Ankara\u2019da kep\u00e7e kiralama hizmetleri a\u015fa\u011f\u0131daki alanlarda da tercih edilmektedir:<\/p>\n\n\n\n<h3 class=\"wp-block-heading\"><strong>Temel Kaz\u0131s\u0131<\/strong><\/h3>\n\n\n\n<p class=\"wp-block-paragraph\">Yeni yap\u0131lar\u0131n temel alanlar\u0131n\u0131n a\u00e7\u0131lmas\u0131 ve kaz\u0131dan \u00e7\u0131kan topra\u011f\u0131n y\u00fcklenmesi i\u00e7in kep\u00e7e kullan\u0131labilir.<\/p>\n\n\n\n<h3 class=\"wp-block-heading\"><strong>Moloz Temizleme<\/strong><\/h3>\n\n\n\n<p class=\"wp-block-paragraph\">Tadilat, y\u0131k\u0131m veya in\u015faat sonras\u0131 olu\u015fan molozlar\u0131n h\u0131zl\u0131 bi\u00e7imde y\u00fcklenmesini sa\u011flar.<\/p>\n\n\n\n<h3 class=\"wp-block-heading\"><strong>Bah\u00e7e ve Arazi D\u00fczenleme<\/strong><\/h3>\n\n\n\n<p class=\"wp-block-paragraph\">Topra\u011f\u0131n ta\u015f\u0131nmas\u0131, tesviye edilmesi ve alan\u0131n yeni kullan\u0131ma haz\u0131rlanmas\u0131nda kullan\u0131labilir.<\/p>\n\n\n\n<h3 class=\"wp-block-heading\"><strong>Kanal Kaz\u0131s\u0131<\/strong><\/h3>\n\n\n\n<p class=\"wp-block-paragraph\">Su, elektrik, do\u011falgaz ve \u00e7e\u015fitli altyap\u0131 hatlar\u0131n\u0131n ge\u00e7irilmesi i\u00e7in gerekli kaz\u0131 \u00e7al\u0131\u015fmalar\u0131nda i\u015f makinelerinden yararlan\u0131labilir.<\/p>\n\n\n\n<h3 class=\"wp-block-heading\"><strong>Hafriyat Y\u00fckleme<\/strong><\/h3>\n\n\n\n<p class=\"wp-block-paragraph\">Kaz\u0131dan \u00e7\u0131kan toprak, ta\u015f ve di\u011fer malzemelerin kamyonlara y\u00fcklenmesinde kep\u00e7e en \u00e7ok kullan\u0131lan i\u015f makinelerinden biridir.<\/p>\n\n\n\n<h2 class=\"wp-block-heading\"><strong>Ankara \u0130\u015f Makinas\u0131 Kiralama<\/strong><\/h2>\n\n\n\n<p class=\"wp-block-paragraph\">Baz\u0131 projelerde yaln\u0131zca kep\u00e7e kullan\u0131m\u0131 yeterli olmayabilir. \u00c7al\u0131\u015fman\u0131n niteli\u011fine g\u00f6re ekskavat\u00f6r, y\u00fckleyici, hafriyat kamyonu veya farkl\u0131 i\u015f makineleri de gerekebilir.<\/p>\n\n\n\n<p class=\"wp-block-paragraph\">Ankara i\u015f makinas\u0131 kiralama hizmeti planlan\u0131rken projenin t\u00fcm a\u015famalar\u0131n\u0131n birlikte de\u011ferlendirilmesi, hangi makinelerin ka\u00e7 saat veya ka\u00e7 g\u00fcn kullan\u0131laca\u011f\u0131n\u0131n \u00f6nceden belirlenmesini kolayla\u015ft\u0131r\u0131r.<\/p>\n\n\n\n<p class=\"wp-block-paragraph\">Bu yakla\u015f\u0131m hem \u00e7al\u0131\u015fma s\u00fcresinin hem de toplam maliyetin daha do\u011fru hesaplanmas\u0131n\u0131 sa\u011flar.<\/p>\n\n\n\n<h2 class=\"wp-block-heading\"><strong>Kep\u00e7e Kiralarken Nelere Dikkat Edilmeli?<\/strong><\/h2>\n\n\n\n<p class=\"wp-block-paragraph\">Kep\u00e7e kiralamadan \u00f6nce \u015fu bilgilerin belirlenmesi faydal\u0131d\u0131r:<\/p>\n\n\n\n<ul class=\"wp-block-list\">\n<li>Yap\u0131lacak i\u015fin t\u00fcr\u00fc<\/li>\n\n\n\n<li>\u00c7al\u0131\u015fma alan\u0131n\u0131n konumu<\/li>\n\n\n\n<li>Tahmini \u00e7al\u0131\u015fma s\u00fcresi<\/li>\n\n\n\n<li>Kaz\u0131 derinli\u011fi<\/li>\n\n\n\n<li>Hafriyat miktar\u0131<\/li>\n\n\n\n<li>Kamyon gerekip gerekmedi\u011fi<\/li>\n\n\n\n<li>\u00c7al\u0131\u015fma alan\u0131na makine giri\u015finin uygunlu\u011fu<\/li>\n<\/ul>\n\n\n\n<p class=\"wp-block-paragraph\">Bu bilgiler sayesinde ihtiya\u00e7 duyulan makine daha do\u011fru belirlenebilir.<\/p>\n\n\n\n<h2 class=\"wp-block-heading\"><strong>Ankara Kep\u00e7e Kiralama \u0130\u00e7in Teklif Al\u0131n<\/strong><\/h2>\n\n\n\n<p class=\"wp-block-paragraph\">Temel kaz\u0131s\u0131, hafriyat y\u00fckleme, moloz kald\u0131rma, arazi d\u00fczenleme veya di\u011fer i\u015f makinesi ihtiya\u00e7lar\u0131n\u0131z i\u00e7in Ankara kep\u00e7e kiralama hizmeti hakk\u0131nda bilgi ve fiyat teklifi alabilirsiniz.<\/p>\n\n\n\n<p class=\"wp-block-paragraph\">Yap\u0131lacak i\u015fin konumunu, tahmini \u00e7al\u0131\u015fma s\u00fcresini ve i\u015fin k\u0131sa a\u00e7\u0131klamas\u0131n\u0131 payla\u015farak uygun kep\u00e7e ve kiralama se\u00e7ene\u011finin belirlenmesini sa\u011flayabilirsiniz.<\/p>\n","protected":false},"excerpt":{"rendered":"<p>Ankara kep\u00e7e kiralama hizmetleri; temel kaz\u0131s\u0131, hafriyat y\u00fckleme, arazi d\u00fczenleme, moloz ta\u015f\u0131ma, kanal a\u00e7ma, \u00e7evre d\u00fczenleme ve \u00e7e\u015fitli in\u015faat uygulamalar\u0131nda h\u0131zl\u0131 ve ekonomik \u00e7\u00f6z\u00fcmler sunar. Projenin kapsam\u0131na g\u00f6re saatlik, g\u00fcnl\u00fck veya daha uzun s\u00fcreli kiralama se\u00e7enekleriyle uygun i\u015f makinesi tercih edilebilir. Ankara genelinde ger\u00e7ekle\u015ftirilecek kaz\u0131, y\u00fckleme ve hafriyat i\u015flerinde do\u011fru kep\u00e7e se\u00e7imi hem \u00e7al\u0131\u015fma s\u00fcresini [&hellip;]<\/p>\n","protected":false},"author":1,"featured_media":0,"comment_status":"open","ping_status":"open","sticky":false,"template":"","format":"standard","meta":{"footnotes":""},"categories":[1],"tags":[4,7,8,6,9,3,5],"class_list":["post-7","post","type-post","status-publish","format-standard","hentry","category-ankara-hafriyat","tag-ankara-kiralik-kepce","tag-gunluk-kepce-kiralama","tag-hafriyat-kepce","tag-kepce-kiralama-fiyatlari","tag-kepce-saat-ucreti","tag-kiralik-kepce-ankara","tag-saatlik-kepce"],"yoast_head":"<!-- This site is optimized with the Yoast SEO plugin v28.3 - https:\/\/yoast.com\/product\/yoast-seo-wordpress\/ -->\n<title>Ankara Kep\u00e7e Kiralama | Saatlik ve G\u00fcnl\u00fck Kep\u00e7e<\/title>\n<meta name=\"description\" content=\"Ankara kep\u00e7e kiralama hizmetleri i\u00e7in saatlik ve g\u00fcnl\u00fck se\u00e7enekleri inceleyin. Hafriyat, temel kaz\u0131s\u0131, moloz y\u00fckleme ve i\u015f makinas\u0131 kiralama i\u00e7in teklif al\u0131n.\" \/>\n<meta name=\"robots\" content=\"index, follow, max-snippet:-1, max-image-preview:large, max-video-preview:-1\" \/>\n<link rel=\"canonical\" href=\"https:\/\/hafriyatankara.com\/?p=7\" \/>\n<meta property=\"og:locale\" content=\"tr_TR\" \/>\n<meta property=\"og:type\" content=\"article\" \/>\n<meta property=\"og:title\" content=\"Ankara Kep\u00e7e Kiralama | Saatlik ve G\u00fcnl\u00fck Kep\u00e7e\" \/>\n<meta property=\"og:description\" content=\"Ankara kep\u00e7e kiralama hizmetleri i\u00e7in saatlik ve g\u00fcnl\u00fck se\u00e7enekleri inceleyin. Hafriyat, temel kaz\u0131s\u0131, moloz y\u00fckleme ve i\u015f makinas\u0131 kiralama i\u00e7in teklif al\u0131n.\" \/>\n<meta property=\"og:url\" content=\"https:\/\/hafriyatankara.com\/?p=7\" \/>\n<meta property=\"og:site_name\" content=\"Hafriyat Ankara\" \/>\n<meta property=\"article:published_time\" content=\"2026-08-31T16:19:17+00:00\" \/>\n<meta name=\"author\" content=\"admin\" \/>\n<meta name=\"twitter:card\" content=\"summary_large_image\" \/>\n<meta name=\"twitter:label1\" content=\"Yazan:\" \/>\n\t<meta name=\"twitter:data1\" content=\"admin\" \/>\n\t<meta name=\"twitter:label2\" content=\"Tahmini okuma s\u00fcresi\" \/>\n\t<meta name=\"twitter:data2\" content=\"5 dakika\" \/>\n<script type=\"application\/ld+json\" class=\"yoast-schema-graph\">{\"@context\":\"https:\\\/\\\/schema.org\",\"@graph\":[{\"@type\":\"Article\",\"@id\":\"https:\\\/\\\/hafriyatankara.com\\\/?p=7#article\",\"isPartOf\":{\"@id\":\"https:\\\/\\\/hafriyatankara.com\\\/?p=7\"},\"author\":{\"name\":\"admin\",\"@id\":\"https:\\\/\\\/hafriyatankara.com\\\/#\\\/schema\\\/person\\\/2af383bf55a285923de675c4f27b1847\"},\"headline\":\"Ankara Kep\u00e7e Kiralama\",\"datePublished\":\"2026-08-31T16:19:17+00:00\",\"mainEntityOfPage\":{\"@id\":\"https:\\\/\\\/hafriyatankara.com\\\/?p=7\"},\"wordCount\":1160,\"commentCount\":0,\"keywords\":[\"Ankara kiral\u0131k kep\u00e7e\",\"g\u00fcnl\u00fck kep\u00e7e kiralama\",\"hafriyat kep\u00e7e\",\"kep\u00e7e kiralama fiyatlar\u0131\",\"kep\u00e7e saat \u00fccreti\",\"kiral\u0131k kep\u00e7e Ankara\",\"saatlik kep\u00e7e\"],\"articleSection\":[\"ankara hafriyat\"],\"inLanguage\":\"tr\",\"potentialAction\":[{\"@type\":\"CommentAction\",\"name\":\"Comment\",\"target\":[\"https:\\\/\\\/hafriyatankara.com\\\/?p=7#respond\"]}]},{\"@type\":\"WebPage\",\"@id\":\"https:\\\/\\\/hafriyatankara.com\\\/?p=7\",\"url\":\"https:\\\/\\\/hafriyatankara.com\\\/?p=7\",\"name\":\"Ankara Kep\u00e7e Kiralama | Saatlik ve G\u00fcnl\u00fck Kep\u00e7e\",\"isPartOf\":{\"@id\":\"https:\\\/\\\/hafriyatankara.com\\\/#website\"},\"datePublished\":\"2026-08-31T16:19:17+00:00\",\"author\":{\"@id\":\"https:\\\/\\\/hafriyatankara.com\\\/#\\\/schema\\\/person\\\/2af383bf55a285923de675c4f27b1847\"},\"description\":\"Ankara kep\u00e7e kiralama hizmetleri i\u00e7in saatlik ve g\u00fcnl\u00fck se\u00e7enekleri inceleyin. Hafriyat, temel kaz\u0131s\u0131, moloz y\u00fckleme ve i\u015f makinas\u0131 kiralama i\u00e7in teklif al\u0131n.\",\"breadcrumb\":{\"@id\":\"https:\\\/\\\/hafriyatankara.com\\\/?p=7#breadcrumb\"},\"inLanguage\":\"tr\",\"potentialAction\":[{\"@type\":\"ReadAction\",\"target\":[\"https:\\\/\\\/hafriyatankara.com\\\/?p=7\"]}]},{\"@type\":\"BreadcrumbList\",\"@id\":\"https:\\\/\\\/hafriyatankara.com\\\/?p=7#breadcrumb\",\"itemListElement\":[{\"@type\":\"ListItem\",\"position\":1,\"name\":\"Anasayfa\",\"item\":\"https:\\\/\\\/hafriyatankara.com\\\/\"},{\"@type\":\"ListItem\",\"position\":2,\"name\":\"Ankara Kep\u00e7e Kiralama\"}]},{\"@type\":\"WebSite\",\"@id\":\"https:\\\/\\\/hafriyatankara.com\\\/#website\",\"url\":\"https:\\\/\\\/hafriyatankara.com\\\/\",\"name\":\"Hafriyat Ankara\",\"description\":\"\",\"potentialAction\":[{\"@type\":\"SearchAction\",\"target\":{\"@type\":\"EntryPoint\",\"urlTemplate\":\"https:\\\/\\\/hafriyatankara.com\\\/?s={search_term_string}\"},\"query-input\":{\"@type\":\"PropertyValueSpecification\",\"valueRequired\":true,\"valueName\":\"search_term_string\"}}],\"inLanguage\":\"tr\"},{\"@type\":\"Person\",\"@id\":\"https:\\\/\\\/hafriyatankara.com\\\/#\\\/schema\\\/person\\\/2af383bf55a285923de675c4f27b1847\",\"name\":\"admin\",\"image\":{\"@type\":\"ImageObject\",\"inLanguage\":\"tr\",\"@id\":\"https:\\\/\\\/secure.gravatar.com\\\/avatar\\\/4349f9a21ed7c27e4879b4a6425bd85f7732ae0821d8aeadca3a1808baf3e3e5?s=96&d=mm&r=g\",\"url\":\"https:\\\/\\\/secure.gravatar.com\\\/avatar\\\/4349f9a21ed7c27e4879b4a6425bd85f7732ae0821d8aeadca3a1808baf3e3e5?s=96&d=mm&r=g\",\"contentUrl\":\"https:\\\/\\\/secure.gravatar.com\\\/avatar\\\/4349f9a21ed7c27e4879b4a6425bd85f7732ae0821d8aeadca3a1808baf3e3e5?s=96&d=mm&r=g\",\"caption\":\"admin\"},\"sameAs\":[\"https:\\\/\\\/hafriyatankara.com\"],\"url\":\"https:\\\/\\\/hafriyatankara.com\\\/?author=1\"}]}<\/script>\n<!-- \/ Yoast SEO plugin. -->","yoast_head_json":{"title":"Ankara Kep\u00e7e Kiralama | Saatlik ve G\u00fcnl\u00fck Kep\u00e7e","description":"Ankara kep\u00e7e kiralama hizmetleri i\u00e7in saatlik ve g\u00fcnl\u00fck se\u00e7enekleri inceleyin. Hafriyat, temel kaz\u0131s\u0131, moloz y\u00fckleme ve i\u015f makinas\u0131 kiralama i\u00e7in teklif al\u0131n.","robots":{"index":"index","follow":"follow","max-snippet":"max-snippet:-1","max-image-preview":"max-image-preview:large","max-video-preview":"max-video-preview:-1"},"canonical":"https:\/\/hafriyatankara.com\/?p=7","og_locale":"tr_TR","og_type":"article","og_title":"Ankara Kep\u00e7e Kiralama | Saatlik ve G\u00fcnl\u00fck Kep\u00e7e","og_description":"Ankara kep\u00e7e kiralama hizmetleri i\u00e7in saatlik ve g\u00fcnl\u00fck se\u00e7enekleri inceleyin. Hafriyat, temel kaz\u0131s\u0131, moloz y\u00fckleme ve i\u015f makinas\u0131 kiralama i\u00e7in teklif al\u0131n.","og_url":"https:\/\/hafriyatankara.com\/?p=7","og_site_name":"Hafriyat Ankara","article_published_time":"2026-08-31T16:19:17+00:00","author":"admin","twitter_card":"summary_large_image","twitter_misc":{"Yazan:":"admin","Tahmini okuma s\u00fcresi":"5 dakika"},"schema":{"@context":"https:\/\/schema.org","@graph":[{"@type":"Article","@id":"https:\/\/hafriyatankara.com\/?p=7#article","isPartOf":{"@id":"https:\/\/hafriyatankara.com\/?p=7"},"author":{"name":"admin","@id":"https:\/\/hafriyatankara.com\/#\/schema\/person\/2af383bf55a285923de675c4f27b1847"},"headline":"Ankara Kep\u00e7e Kiralama","datePublished":"2026-08-31T16:19:17+00:00","mainEntityOfPage":{"@id":"https:\/\/hafriyatankara.com\/?p=7"},"wordCount":1160,"commentCount":0,"keywords":["Ankara kiral\u0131k kep\u00e7e","g\u00fcnl\u00fck kep\u00e7e kiralama","hafriyat kep\u00e7e","kep\u00e7e kiralama fiyatlar\u0131","kep\u00e7e saat \u00fccreti","kiral\u0131k kep\u00e7e Ankara","saatlik kep\u00e7e"],"articleSection":["ankara hafriyat"],"inLanguage":"tr","potentialAction":[{"@type":"CommentAction","name":"Comment","target":["https:\/\/hafriyatankara.com\/?p=7#respond"]}]},{"@type":"WebPage","@id":"https:\/\/hafriyatankara.com\/?p=7","url":"https:\/\/hafriyatankara.com\/?p=7","name":"Ankara Kep\u00e7e Kiralama | Saatlik ve G\u00fcnl\u00fck Kep\u00e7e","isPartOf":{"@id":"https:\/\/hafriyatankara.com\/#website"},"datePublished":"2026-08-31T16:19:17+00:00","author":{"@id":"https:\/\/hafriyatankara.com\/#\/schema\/person\/2af383bf55a285923de675c4f27b1847"},"description":"Ankara kep\u00e7e kiralama hizmetleri i\u00e7in saatlik ve g\u00fcnl\u00fck se\u00e7enekleri inceleyin. Hafriyat, temel kaz\u0131s\u0131, moloz y\u00fckleme ve i\u015f makinas\u0131 kiralama i\u00e7in teklif al\u0131n.","breadcrumb":{"@id":"https:\/\/hafriyatankara.com\/?p=7#breadcrumb"},"inLanguage":"tr","potentialAction":[{"@type":"ReadAction","target":["https:\/\/hafriyatankara.com\/?p=7"]}]},{"@type":"BreadcrumbList","@id":"https:\/\/hafriyatankara.com\/?p=7#breadcrumb","itemListElement":[{"@type":"ListItem","position":1,"name":"Anasayfa","item":"https:\/\/hafriyatankara.com\/"},{"@type":"ListItem","position":2,"name":"Ankara Kep\u00e7e Kiralama"}]},{"@type":"WebSite","@id":"https:\/\/hafriyatankara.com\/#website","url":"https:\/\/hafriyatankara.com\/","name":"Hafriyat Ankara","description":"","potentialAction":[{"@type":"SearchAction","target":{"@type":"EntryPoint","urlTemplate":"https:\/\/hafriyatankara.com\/?s={search_term_string}"},"query-input":{"@type":"PropertyValueSpecification","valueRequired":true,"valueName":"search_term_string"}}],"inLanguage":"tr"},{"@type":"Person","@id":"https:\/\/hafriyatankara.com\/#\/schema\/person\/2af383bf55a285923de675c4f27b1847","name":"admin","image":{"@type":"ImageObject","inLanguage":"tr","@id":"https:\/\/secure.gravatar.com\/avatar\/4349f9a21ed7c27e4879b4a6425bd85f7732ae0821d8aeadca3a1808baf3e3e5?s=96&d=mm&r=g","url":"https:\/\/secure.gravatar.com\/avatar\/4349f9a21ed7c27e4879b4a6425bd85f7732ae0821d8aeadca3a1808baf3e3e5?s=96&d=mm&r=g","contentUrl":"https:\/\/secure.gravatar.com\/avatar\/4349f9a21ed7c27e4879b4a6425bd85f7732ae0821d8aeadca3a1808baf3e3e5?s=96&d=mm&r=g","caption":"admin"},"sameAs":["https:\/\/hafriyatankara.com"],"url":"https:\/\/hafriyatankara.com\/?author=1"}]}},"_links":{"self":[{"href":"https:\/\/hafriyatankara.com\/index.php?rest_route=\/wp\/v2\/posts\/7","targetHints":{"allow":["GET"]}}],"collection":[{"href":"https:\/\/hafriyatankara.com\/index.php?rest_route=\/wp\/v2\/posts"}],"about":[{"href":"https:\/\/hafriyatankara.com\/index.php?rest_route=\/wp\/v2\/types\/post"}],"author":[{"embeddable":true,"href":"https:\/\/hafriyatankara.com\/index.php?rest_route=\/wp\/v2\/users\/1"}],"replies":[{"embeddable":true,"href":"https:\/\/hafriyatankara.com\/index.php?rest_route=%2Fwp%2Fv2%2Fcomments&post=7"}],"version-history":[{"count":1,"href":"https:\/\/hafriyatankara.com\/index.php?rest_route=\/wp\/v2\/posts\/7\/revisions"}],"predecessor-version":[{"id":9,"href":"https:\/\/hafriyatankara.com\/index.php?rest_route=\/wp\/v2\/posts\/7\/revisions\/9"}],"wp:attachment":[{"href":"https:\/\/hafriyatankara.com\/index.php?rest_route=%2Fwp%2Fv2%2Fmedia&parent=7"}],"wp:term":[{"taxonomy":"category","embeddable":true,"href":"https:\/\/hafriyatankara.com\/index.php?rest_route=%2Fwp%2Fv2%2Fcategories&post=7"},{"taxonomy":"post_tag","embeddable":true,"href":"https:\/\/hafriyatankara.com\/index.php?rest_route=%2Fwp%2Fv2%2Ftags&post=7"}],"curies":[{"name":"wp","href":"https:\/\/api.w.org\/{rel}","templated":true}]}}